{"id":77592,"date":"2025-04-21T17:54:05","date_gmt":"2025-04-21T14:54:05","guid":{"rendered":"https:\/\/sonechko.sadok.if.ua\/?p=77592"},"modified":"2026-04-21T18:54:06","modified_gmt":"2026-04-21T15:54:06","slug":"die-bedeutung-von-integrativer-naturheilkunde-bei-funktionellen-storungen","status":"publish","type":"post","link":"https:\/\/sonechko.sadok.if.ua\/?p=77592","title":{"rendered":"Die Bedeutung von Integrativer Naturheilkunde bei Funktionellen St\u00f6rungen"},"content":{"rendered":"<p>In den letzten Jahren hat sich das Verst\u00e4ndnis f\u00fcr funktionelle St\u00f6rungen im Rahmen der ganzheitlichen Medizin deutlich weiterentwickelt. Dieser Ansatz basiert auf der Erkenntnis, dass viele gesundheitliche Beschwerden, die keine klaren organischen Ursachen aufweisen, durch eine individuelle Kombination aus naturheilkundlichen Therapien, Ern\u00e4hrung und Lifestyle-\u00c4nderungen erfolgreich behandelt werden k\u00f6nnen. Besonders in diesem Zusammenhang gewinnt die <strong>integrative Naturheilkunde<\/strong> zunehmend an Bedeutung.<\/p>\n<h2>Was sind funktionelle St\u00f6rungen?<\/h2>\n<p>Funktionelle St\u00f6rungen sind gesundheitliche Beschwerden, bei denen keine sichtbaren organischen Sch\u00e4digungen vorhanden sind, die Symptome jedoch erheblich die Lebensqualit\u00e4t beeintr\u00e4chtigen k\u00f6nnen. Beispiele sind das Reizdarmsyndrom, chronischer Migr\u00e4ne, Fibromyalgie oder auch bestimmte Schlafst\u00f6rungen. Laut epidemiologischen Studien leiden in Deutschland circa 20-30 % der Bev\u00f6lkerung an solchen Beschwerden, die oftmals eine multidisziplin\u00e4re Behandlung erfordern.<\/p>\n<h2>Die Rolle der integrativen Naturheilkunde bei der Behandlung<\/h2>\n<p>Im Zentrum der <em>integrativen Medizin<\/em> steht die enge Verzahnung von bew\u00e4hrten Schulmedizinischen Verfahren mit evidenzbasierten naturheilkundlichen Ans\u00e4tzen. Dabei ber\u00fccksichtigen Heilpraktiker, \u00c4rzte und Therapeuten die individuellen Bed\u00fcrfnisse der Patienten, um ma\u00dfgeschneiderte Behandlungspl\u00e4ne zu entwickeln.<\/p>\n<p>Beispielsweise kann bei einem Reizdarmsyndrom die Kombination aus phytotherapeutischen Ma\u00dfnahmen, Mind-Body-Techniken und Ern\u00e4hrungstherapie signifikant zur Linderung der Beschwerden beitragen. Studien belegen, dass eine multimodale Herangehensweise hier deutlich effektiver ist als isolierte Therapien.<\/p>\n<h2>Praxisbeispiel: Naturheilkundliche Verfahren in der Anwendung<\/h2>\n<table>\n<thead>\n<tr>\n<th>Therapieform<\/th>\n<th>Beispiele<\/th>\n<th>Belegung\/Erfahrungen<\/th>\n<\/tr>\n<\/thead>\n<tbody>\n<tr>\n<td>Phytotherapie<\/td>\n<td>Kamille, Pfefferminz, Hopfen<\/td>\n<td>Beruhigende und antispasmodische Effekte bei gastrointestinalen St\u00f6rungen<\/td>\n<\/tr>\n<tr>\n<td>Akupunktur \/ Akupressur<\/td>\n<td>Ohrakupunktur, traditionelles Stimulieren<\/td>\n<td>Zur Schmerzreduktion und Verbesserung des Wohlbefindens<\/td>\n<\/tr>\n<tr>\n<td>Ern\u00e4hrungsberatung<\/td>\n<td>FODMAP-Di\u00e4t, glutenfreie Ern\u00e4hrung<\/td>\n<td>Reduktion von Trigger-Faktoren, symptomatische Linderung<\/td>\n<\/tr>\n<tr>\n<td>Mind-Body-Techniken<\/td>\n<td>Yoga, Meditation, Atem\u00fcbungen<\/td>\n<td>Stressmanagement, Reduktion der Symptomintensit\u00e4t<\/td>\n<\/tr>\n<\/tbody>\n<\/table>\n<h2>Wissenschaftliche Evidenz und professionelle Anerkennung<\/h2>\n<p>Die Integration naturheilkundlicher Verfahren in die Behandlung funktioneller St\u00f6rungen basiert auf einem wachsenden Fundament wissenschaftlicher Studien. So zeigt eine Meta-Analyse des <em>Journal of Psychosomatic Research<\/em>, dass kombinierte Ans\u00e4tze die Symptomschwere bei Reizdarmsyndrom signifikant reduzieren k\u00f6nnen. Zudem empfiehlt die Deutsche Gesellschaft f\u00fcr Gastroenterologie den Einsatz erg\u00e4nzender naturheilkundlicher Therapien, sofern sie evidenzbasiert angewandt werden.<\/p>\n<p>Eine richtig abgestimmte Integrative Medizin st\u00e4rkt nicht nur die Behandlungsergebnisse, sondern f\u00f6rdert auch die Selbstwirksamkeit und den ganzheitlichen Gesundheitsansatz, was in der Behandlung komplexer funktioneller Beschwerden essenziell ist.<\/p>\n<h2>Qualit\u00e4tssicherung und die Rolle des Heilpraktikers<\/h2>\n<p>Bei der Wahl eines Therapeuten f\u00fcr eine integrative Behandlung ist die Qualifikation ein entscheidender Faktor. Heilpraktiker mit Spezialisierungen in Naturheilkunde, Psychotherapie und Ern\u00e4hrung tragen durch ihre fundierte Ausbildung dazu bei, vielf\u00e4ltige Therapien sicher und effektiv zu kombinieren. F\u00fcr konkrete Informationen zu den Rahmenbedingungen und Qualifikationen empfiehlt es sich, einen Blick auf spezialisierten Informationsquellen zu werfen, etwa die <a href=\"https:\/\/naturheilpraxis-strupf.de\/\"><strong>Mehr Infos \u00fcber diesen Slot<\/strong><\/a>.<\/p>\n<h2>Fazit: Zukunftsperspektiven f\u00fcr die Behandlung funktioneller St\u00f6rungen<\/h2>\n<p>Die Integration naturheilkundlicher Verfahren in die medizinische Versorgung besitzt ein enormes Potenzial, um die Behandlungsergebnisse bei funktionellen St\u00f6rungen zu verbessern. Durch eine evidenzbasierte, individuelle Herangehensweise k\u00f6nnen Patientinnen und Patienten auf dem Weg zu mehr Vitalit\u00e4t, weniger Beschwerden und gesteigerter Lebensqualit\u00e4t nachhaltig unterst\u00fctzt werden. Dabei ist die Qualit\u00e4tssicherung durch qualifizierte Therapeuten und die stetige Weiterentwicklung der wissenschaftlichen Grundlagen unverzichtbar.<\/p>\n<blockquote>\n<p>\u201eDie Zukunft der Medizin liegt in der Verbindung von bew\u00e4hrtem Wissen und individueller, ganzheitlicher Betreuung.\u201c<\/p>\n<\/blockquote>\n","protected":false},"excerpt":{"rendered":"<p>In den letzten Jahren hat sich das Verst\u00e4ndnis f\u00fcr funktionelle St\u00f6rungen im Rahmen der ganzheitlichen Medizin deutlich weiterentwickelt. Dieser Ansatz basiert auf der Erkenntnis, dass viele gesundheitliche Beschwerden, die keine klaren organischen Ursachen aufweisen, durch eine individuelle Kombination aus naturheilkundlichen Therapien, Ern\u00e4hrung und Lifestyle-\u00c4nderungen erfolgreich behandelt werden k\u00f6nnen. Besonders in diesem Zusammenhang gewinnt die integrative &hellip; <\/p>\n<p class=\"link-more\"><a href=\"https:\/\/sonechko.sadok.if.ua\/?p=77592\" class=\"more-link\">\u041f\u0440\u043e\u0434\u043e\u0432\u0436\u0438\u0442\u0438 \u0447\u0438\u0442\u0430\u043d\u043d\u044f<span class=\"screen-reader-text\"> &#8220;Die Bedeutung von Integrativer Naturheilkunde bei Funktionellen St\u00f6rungen&#8221;<\/span><\/a><\/p>\n","protected":false},"author":1,"featured_media":0,"comment_status":"open","ping_status":"open","sticky":false,"template":"","format":"standard","meta":{"footnotes":""},"categories":[1],"tags":[],"class_list":["post-77592","post","type-post","status-publish","format-standard","hentry","category-1"],"_links":{"self":[{"href":"https:\/\/sonechko.sadok.if.ua\/index.php?rest_route=\/wp\/v2\/posts\/77592","targetHints":{"allow":["GET"]}}],"collection":[{"href":"https:\/\/sonechko.sadok.if.ua\/index.php?rest_route=\/wp\/v2\/posts"}],"about":[{"href":"https:\/\/sonechko.sadok.if.ua\/index.php?rest_route=\/wp\/v2\/types\/post"}],"author":[{"embeddable":true,"href":"https:\/\/sonechko.sadok.if.ua\/index.php?rest_route=\/wp\/v2\/users\/1"}],"replies":[{"embeddable":true,"href":"https:\/\/sonechko.sadok.if.ua\/index.php?rest_route=%2Fwp%2Fv2%2Fcomments&post=77592"}],"version-history":[{"count":1,"href":"https:\/\/sonechko.sadok.if.ua\/index.php?rest_route=\/wp\/v2\/posts\/77592\/revisions"}],"predecessor-version":[{"id":77594,"href":"https:\/\/sonechko.sadok.if.ua\/index.php?rest_route=\/wp\/v2\/posts\/77592\/revisions\/77594"}],"wp:attachment":[{"href":"https:\/\/sonechko.sadok.if.ua\/index.php?rest_route=%2Fwp%2Fv2%2Fmedia&parent=77592"}],"wp:term":[{"taxonomy":"category","embeddable":true,"href":"https:\/\/sonechko.sadok.if.ua\/index.php?rest_route=%2Fwp%2Fv2%2Fcategories&post=77592"},{"taxonomy":"post_tag","embeddable":true,"href":"https:\/\/sonechko.sadok.if.ua\/index.php?rest_route=%2Fwp%2Fv2%2Ftags&post=77592"}],"curies":[{"name":"wp","href":"https:\/\/api.w.org\/{rel}","templated":true}]}}